{"id":6737,"date":"2023-05-09T14:52:18","date_gmt":"2023-05-09T14:52:18","guid":{"rendered":"https:\/\/jpacademy.gov.mk\/?p=6737"},"modified":"2023-06-09T11:02:13","modified_gmt":"2023-06-09T11:02:13","slug":"%d0%bf%d1%80%d0%b5%d1%82%d1%81%d1%82%d0%b0%d0%b2%d0%bd%d0%b8%d1%86%d0%b8-%d0%bd%d0%b0-%d0%b0%d0%ba%d0%b0%d0%b4%d0%b5%d0%bc%d0%b8%d1%98%d0%b0%d1%82%d0%b0-%d0%b7%d0%b0-%d1%81%d1%83%d0%b4%d0%b8%d0%b8","status":"publish","type":"post","link":"https:\/\/jpacademy.gov.mk\/sq\/%d0%bf%d1%80%d0%b5%d1%82%d1%81%d1%82%d0%b0%d0%b2%d0%bd%d0%b8%d1%86%d0%b8-%d0%bd%d0%b0-%d0%b0%d0%ba%d0%b0%d0%b4%d0%b5%d0%bc%d0%b8%d1%98%d0%b0%d1%82%d0%b0-%d0%b7%d0%b0-%d1%81%d1%83%d0%b4%d0%b8%d0%b8\/","title":{"rendered":"P\u00ebrfaq\u00ebsuesit e Akademis\u00eb p\u00ebr gjykat\u00ebs dhe prokuror\u00eb publik n\u00eb vizit\u00eb studimore n\u00eb Akademin\u00eb e s\u00eb drejt\u00ebs evropiane (ERA)"},"content":{"rendered":"<p><\/p>\n<p style=\"text-align: justify;\">Akademia e s\u00eb drejt\u00ebs evropiane (ERA) e sh\u00ebnon dit\u00ebn Evropiane me organizim t\u00eb vizit\u00ebs studimore n\u00eb t\u00eb cil\u00ebn jan\u00eb t\u00eb pranish\u00ebm p\u00ebrfaq\u00ebsues t\u00eb lart\u00eb nga institucionet gjyq\u00ebsore nga Ballkani per\u00ebndimor si dhe nga odat e avokat\u00ebve dhe shoqatat.<\/p>\n<p style=\"text-align: justify;\">N\u00eb k\u00ebt\u00eb vizit\u00eb studimore marrin pjes\u00eb prof. d-r Natasha Gaber Damjanovska, drejtoresha e Akademis\u00eb p\u00ebr gjykat\u00ebs dhe prokuror\u00eb publik dhe m-r Sanja Pandilov, k\u00ebshilltare shtet\u00ebrore e Akademis\u00eb, nj\u00ebkoh\u00ebsisht kontakt personi p\u00ebr komunikim me Akademin\u00eb e s\u00eb drejt\u00ebs Evropiane (ERA) dhe Rrjetin Evropian p\u00ebr Trajnim gjyq\u00ebsor (EJTN).<\/p>\n<p style=\"text-align: justify;\">Q\u00ebllimi \u00ebsht\u00eb q\u00eb t\u00eb flitet p\u00ebr sfidat me t\u00eb cilat ballafaqohen institucionet kompetente p\u00ebr zhvillimin e trajnimit gjyq\u00ebsor dhe se n\u00eb \u00e7far\u00eb m\u00ebnyre Akademia e s\u00eb drejt\u00ebs evropiane (ERA) mund t\u2019u ndihmoj\u00eb praktikant\u00ebve juridik n\u00eb p\u00ebrparimin e shkatht\u00ebsive t\u00eb tyre.<\/p>\n<p style=\"text-align: justify;\">Akoma m\u00eb e r\u00ebnd\u00ebsishme \u00ebsht\u00eb se ky event p\u00ebrfaq\u00ebson mund\u00ebsin\u00eb e vetme q\u00eb praktikant\u00ebt juridik t\u00eb shk\u00ebmbejn\u00eb p\u00ebrvoja me vendet e tjera dhe ta p\u00ebrforcojn\u00eb bashk\u00ebpunimin e nd\u00ebrsjellt\u00eb.<\/p>\n<p style=\"text-align: justify;\">Akademia p\u00ebr gjykat\u00ebs dhe prokuror\u00eb publik p\u00ebr her\u00eb t\u00eb par\u00eb \u00ebsht\u00eb e p\u00ebrfshir\u00eb n\u00eb programin ERA p\u00ebrmes s\u00eb cil\u00ebs ofrohet mund\u00ebsia p\u00ebr d\u00ebrgimin e bashk\u00ebpun\u00ebtor\u00ebve profesional nga gjykatat dhe prokurorit\u00eb publike n\u00eb p\u00ebrsosje profesionale p\u00ebrmes pjes\u00ebmarrjes n\u00eb konferenca dhe vizita studimore.<\/p>\n<p style=\"text-align: justify;\">Gjegj\u00ebsisht, m\u00eb 4 dhe 5 maj 2023 u mbajt seminari n\u00eb kornizat e projektit p\u00ebr trajnim t\u00eb bashk\u00ebpun\u00ebtor\u00ebve profesional gjyq\u00ebsor dhe prokurorial dhe p\u00ebrmbaruesve gjyq\u00ebsor, n\u00eb Bukuresht, me tem\u00eb: \u201cTrajnimi i bashk\u00ebpun\u00ebtor\u00ebve profesional gjyq\u00ebsor\u00eb, prokurorial dhe p\u00ebrmbaruesve gjyq\u00ebsor\u00eb n\u00eb procedurat penale tejkufitare n\u00eb BE\u201d, ku morr\u00ebn pjes\u00eb bashk\u00ebpun\u00ebtor\u00ebt profesional prokurorial nga Republika e Maqedonis\u00eb s\u00eb Veriut.<\/p>\n<p><\/p>","protected":false},"excerpt":{"rendered":"<p>Akademia e s\u00eb drejt\u00ebs evropiane (ERA) e sh\u00ebnon dit\u00ebn Evropiane me organizim t\u00eb vizit\u00ebs studimore n\u00eb t\u00eb cil\u00ebn jan\u00eb t\u00eb&#8230;<\/p>\n","protected":false},"author":1,"featured_media":6738,"comment_status":"closed","ping_status":"open","sticky":false,"template":"","format":"standard","meta":{"footnotes":""},"categories":[165,164,87],"tags":[],"class_list":{"0":"post-6737","1":"post","2":"type-post","3":"status-publish","4":"format-standard","5":"has-post-thumbnail","7":"category-nastani","8":"category-novosti","9":"category-87"},"_links":{"self":[{"href":"https:\/\/jpacademy.gov.mk\/sq\/wp-json\/wp\/v2\/posts\/6737","targetHints":{"allow":["GET"]}}],"collection":[{"href":"https:\/\/jpacademy.gov.mk\/sq\/wp-json\/wp\/v2\/posts"}],"about":[{"href":"https:\/\/jpacademy.gov.mk\/sq\/wp-json\/wp\/v2\/types\/post"}],"author":[{"embeddable":true,"href":"https:\/\/jpacademy.gov.mk\/sq\/wp-json\/wp\/v2\/users\/1"}],"replies":[{"embeddable":true,"href":"https:\/\/jpacademy.gov.mk\/sq\/wp-json\/wp\/v2\/comments?post=6737"}],"version-history":[{"count":2,"href":"https:\/\/jpacademy.gov.mk\/sq\/wp-json\/wp\/v2\/posts\/6737\/revisions"}],"predecessor-version":[{"id":6817,"href":"https:\/\/jpacademy.gov.mk\/sq\/wp-json\/wp\/v2\/posts\/6737\/revisions\/6817"}],"wp:featuredmedia":[{"embeddable":true,"href":"https:\/\/jpacademy.gov.mk\/sq\/wp-json\/wp\/v2\/media\/6738"}],"wp:attachment":[{"href":"https:\/\/jpacademy.gov.mk\/sq\/wp-json\/wp\/v2\/media?parent=6737"}],"wp:term":[{"taxonomy":"category","embeddable":true,"href":"https:\/\/jpacademy.gov.mk\/sq\/wp-json\/wp\/v2\/categories?post=6737"},{"taxonomy":"post_tag","embeddable":true,"href":"https:\/\/jpacademy.gov.mk\/sq\/wp-json\/wp\/v2\/tags?post=6737"}],"curies":[{"name":"wp","href":"https:\/\/api.w.org\/{rel}","templated":true}]}}