{"id":10208,"date":"2026-04-28T07:43:43","date_gmt":"2026-04-28T07:43:43","guid":{"rendered":"https:\/\/jpacademy.gov.mk\/?p=10208"},"modified":"2026-04-28T07:53:20","modified_gmt":"2026-04-28T07:53:20","slug":"%d0%b7%d0%b0%d0%bc%d0%b5%d0%bd%d0%b8%d0%ba-%d0%bd%d0%b0-%d0%b4%d0%b8%d1%80%d0%b5%d0%ba%d1%82%d0%be%d1%80%d0%be%d1%82-%d0%bd%d0%b0-%d0%b0%d0%ba%d0%b0%d0%b4%d0%b5%d0%bc%d0%b8%d1%98%d0%b0%d1%82%d0%b0-2","status":"publish","type":"post","link":"https:\/\/jpacademy.gov.mk\/sq\/%d0%b7%d0%b0%d0%bc%d0%b5%d0%bd%d0%b8%d0%ba-%d0%bd%d0%b0-%d0%b4%d0%b8%d1%80%d0%b5%d0%ba%d1%82%d0%be%d1%80%d0%be%d1%82-%d0%bd%d0%b0-%d0%b0%d0%ba%d0%b0%d0%b4%d0%b5%d0%bc%d0%b8%d1%98%d0%b0%d1%82%d0%b0-2\/","title":{"rendered":"Z\u00ebvend\u00ebsdrejtori i Akademis\u00eb p\u00ebr gjykat\u00ebs dhe prokuror\u00eb publik, M-r Ilir Iseni, panelist n\u00eb panelin &#8220;Nd\u00ebrtimi i partneriteteve p\u00ebr trajnim efektiv t\u00eb profesionist\u00ebve gjyq\u00ebsor\u00eb mbi barazin\u00eb gjinore&#8221;, n\u00eb kuad\u00ebr t\u00eb konferenc\u00ebs &#8220;Avancimi i barazis\u00eb gjinore p\u00ebrmes trajnimit t\u00eb gjyqtar\u00ebve dhe prokuror\u00ebve&#8221; (22-24 prill, Kishinau)"},"content":{"rendered":"<p><\/p>\n<p style=\"text-align: justify;\">Z\u00ebvend\u00ebsdrejtori i Akademis\u00eb p\u00ebr gjykat\u00ebs dhe prokuror\u00eb publik, M-r Ilir Iseni, morri pjes\u00eb n\u00eb konferenc\u00ebn nd\u00ebrkomb\u00ebtare &#8220;Avancimi i barazis\u00eb gjinore p\u00ebrmes trajnimit t\u00eb gjyqtar\u00ebve dhe prokuror\u00ebve&#8221; (22-24 prill, Kishinau &#8211; Republika e Moldavis\u00eb).<\/p>\n<p><img decoding=\"async\" class=\"aligncenter wp-image-10210 size-large\" src=\"https:\/\/jpacademy.gov.mk\/wp-content\/uploads\/2026\/04\/Untitled-2-1024x683.jpg\" alt=\"\" width=\"1024\" height=\"683\" srcset=\"https:\/\/jpacademy.gov.mk\/wp-content\/uploads\/2026\/04\/Untitled-2-1024x683.jpg 1024w, https:\/\/jpacademy.gov.mk\/wp-content\/uploads\/2026\/04\/Untitled-2-300x200.jpg 300w, https:\/\/jpacademy.gov.mk\/wp-content\/uploads\/2026\/04\/Untitled-2-768x512.jpg 768w, https:\/\/jpacademy.gov.mk\/wp-content\/uploads\/2026\/04\/Untitled-2-1536x1024.jpg 1536w, https:\/\/jpacademy.gov.mk\/wp-content\/uploads\/2026\/04\/Untitled-2.jpg 2048w\" sizes=\"(max-width: 1024px) 100vw, 1024px\" \/><\/p>\n<p style=\"text-align: justify;\">Ky event u organizua n\u00eb kuad\u00ebr t\u00eb aktivitetit: \u201cQasja e grave n\u00eb drejt\u00ebsi n\u00eb Ballkanin Per\u00ebndimor\u201d dhe projektit \u201cQasja e grave n\u00eb drejt\u00ebsi: zbatimi i standardeve t\u00eb K\u00ebshillit t\u00eb Evrop\u00ebs p\u00ebr barazin\u00eb gjinore dhe dhun\u00ebn ndaj grave\u201d, t\u00eb cilat jan\u00eb pjes\u00eb e programeve t\u00eb p\u00ebrbashk\u00ebta t\u00eb Bashkimit Evropian\/K\u00ebshillit t\u00eb Evrop\u00ebs \u201cInstrumentit horizontal III p\u00ebr Ballkanin Per\u00ebndimor dhe Turqin\u00eb\u201d dhe \u201cPartneritetit p\u00ebr Qeverisje t\u00eb Mir\u00eb\u201d.<\/p>\n<p style=\"text-align: justify;\">Objektivat kryesor t\u00eb Konferenc\u00ebs ishin: &#8211; Forcimi i kapaciteteve t\u00eb institucioneve t\u00eb trajnimit gjyq\u00ebsor; &#8211; Identifikimi, shk\u00ebmbimi dhe promovimi i praktikave premtuese; &#8211; Nxitja e bashk\u00ebpunimit t\u00eb q\u00ebndruesh\u00ebm dhe t\u00eb nx\u00ebnit nga koleg\u00ebt; &#8211; Mb\u00ebshtetja e kandidat\u00ebve t\u00eb BE-s\u00eb n\u00eb p\u00ebrmbushjen e detyrimeve q\u00eb lidhen me an\u00ebtar\u00ebsimin duke avancuar standardet e harmonizuara t\u00eb trajnimit mbi barazin\u00eb gjinore dhe dhun\u00ebn ndaj grave.<\/p>\n<p><img decoding=\"async\" class=\"aligncenter wp-image-10211 size-large\" src=\"https:\/\/jpacademy.gov.mk\/wp-content\/uploads\/2026\/04\/Untitled-4-1024x683.jpg\" alt=\"\" width=\"1024\" height=\"683\" srcset=\"https:\/\/jpacademy.gov.mk\/wp-content\/uploads\/2026\/04\/Untitled-4-1024x683.jpg 1024w, https:\/\/jpacademy.gov.mk\/wp-content\/uploads\/2026\/04\/Untitled-4-300x200.jpg 300w, https:\/\/jpacademy.gov.mk\/wp-content\/uploads\/2026\/04\/Untitled-4-768x512.jpg 768w, https:\/\/jpacademy.gov.mk\/wp-content\/uploads\/2026\/04\/Untitled-4-1536x1024.jpg 1536w, https:\/\/jpacademy.gov.mk\/wp-content\/uploads\/2026\/04\/Untitled-4-2048x1365.jpg 2048w\" sizes=\"(max-width: 1024px) 100vw, 1024px\" \/><\/p>\n<p>M-r Ilir Iseni si panelist n\u00eb panelin &#8220;Nd\u00ebrtimi i partneriteteve p\u00ebr trajnim efektiv t\u00eb profesionist\u00ebve gjyq\u00ebsor\u00eb mbi barazin\u00eb gjinore&#8221; theksoi se sfida kryesore p\u00ebr barazin\u00eb gjinore n\u00eb gjyq\u00ebsor nuk \u00ebsht\u00eb refuzimi i hapur, por nj\u00eb kultur\u00eb e rr\u00ebnjosur e formalizmit ligjor q\u00eb e sheh ligjin si nj\u00eb &#8220;makin\u00eb neutrale&#8221;. P\u00ebr t\u00eb adresuar k\u00ebt\u00eb rezistenc\u00eb, Akademia p\u00ebr gjykat\u00ebs dhe prokuror\u00eb publik\u00eb ka kaluar nga teorit\u00eb abstrakte drejt nj\u00eb &#8220;Jurisprudenc\u00eb Klinike&#8221;, duke u ofruar profesionist\u00ebve mjete konkrete si udh\u00ebzuesin p\u00ebr trajtimin e rasteve t\u00eb femicidit. Ky model siguron q\u00eb gjykat\u00ebsit t\u00eb ndihen t\u00eb pajisur profesionalisht dhe t\u00eb kuptojn\u00eb se d\u00ebshtimi p\u00ebr t\u00eb njohur dinamikat gjinore p\u00ebrb\u00ebn d\u00ebshtim n\u00eb detyr\u00ebn e tyre p\u00ebr paanshm\u00ebri.<\/p>\n<p>P\u00ebr sa i p\u00ebrket bashk\u00ebpunimit, ai prezantoi modelin e &#8220;Pun\u00ebtorive t\u00eb integruara multisektoriale&#8221; si m\u00ebnyr\u00ebn m\u00eb efektive p\u00ebr t\u00eb siguruar q\u00eb zinxhiri i drejt\u00ebsis\u00eb t\u00eb mbetet i pand\u00ebrprer\u00eb, duke b\u00ebr\u00eb bashk\u00eb gjykat\u00ebsit, prokuror\u00ebt publik, policin\u00eb dhe punonj\u00ebsit social\u00eb. Nj\u00eb rol ky\u00e7 luan partneriteti me shoq\u00ebrin\u00eb civile, t\u00eb cil\u00ebt veprojn\u00eb si bashk\u00eb-dizajnues t\u00eb kurrikulave dhe ofrojn\u00eb nj\u00eb &#8220;lup\u00eb monitorimi&#8221; p\u00ebr t\u00eb identifikuar hendeqet midis trajnimit dhe zbatimit real n\u00eb sall\u00ebn e gjyqit. Si rekomandim kryesor, nga ana e z\u00ebvend\u00ebsdrejtorit u propozua krijimin e nj\u00eb trupi t\u00eb p\u00ebrhersh\u00ebm monitorimi t\u00eb bazuar n\u00eb t\u00eb dh\u00ebna, n\u00eb p\u00ebrb\u00ebrjen e s\u00eb cilit do t\u00eb jen\u00eb Akademia, gjyq\u00ebsori dhe shoqatat e specializuara nga sektori civil, i cili do t\u00eb zhvendoste fokusin nga numri i t\u00eb trajnuarve drejt shkall\u00ebs reale t\u00eb mbrojtjes s\u00eb viktimave.<\/p>\n<p><strong>\u00a0<\/strong><\/p>","protected":false},"excerpt":{"rendered":"<p>Z\u00ebvend\u00ebsdrejtori i Akademis\u00eb p\u00ebr gjykat\u00ebs dhe prokuror\u00eb publik, M-r Ilir Iseni, morri pjes\u00eb n\u00eb konferenc\u00ebn nd\u00ebrkomb\u00ebtare &#8220;Avancimi i barazis\u00eb gjinore&#8230;<\/p>\n","protected":false},"author":2,"featured_media":10209,"comment_status":"closed","ping_status":"open","sticky":false,"template":"","format":"standard","meta":{"footnotes":""},"categories":[165,164,87],"tags":[],"class_list":{"0":"post-10208","1":"post","2":"type-post","3":"status-publish","4":"format-standard","5":"has-post-thumbnail","7":"category-nastani","8":"category-novosti","9":"category-87"},"_links":{"self":[{"href":"https:\/\/jpacademy.gov.mk\/sq\/wp-json\/wp\/v2\/posts\/10208","targetHints":{"allow":["GET"]}}],"collection":[{"href":"https:\/\/jpacademy.gov.mk\/sq\/wp-json\/wp\/v2\/posts"}],"about":[{"href":"https:\/\/jpacademy.gov.mk\/sq\/wp-json\/wp\/v2\/types\/post"}],"author":[{"embeddable":true,"href":"https:\/\/jpacademy.gov.mk\/sq\/wp-json\/wp\/v2\/users\/2"}],"replies":[{"embeddable":true,"href":"https:\/\/jpacademy.gov.mk\/sq\/wp-json\/wp\/v2\/comments?post=10208"}],"version-history":[{"count":2,"href":"https:\/\/jpacademy.gov.mk\/sq\/wp-json\/wp\/v2\/posts\/10208\/revisions"}],"predecessor-version":[{"id":10214,"href":"https:\/\/jpacademy.gov.mk\/sq\/wp-json\/wp\/v2\/posts\/10208\/revisions\/10214"}],"wp:featuredmedia":[{"embeddable":true,"href":"https:\/\/jpacademy.gov.mk\/sq\/wp-json\/wp\/v2\/media\/10209"}],"wp:attachment":[{"href":"https:\/\/jpacademy.gov.mk\/sq\/wp-json\/wp\/v2\/media?parent=10208"}],"wp:term":[{"taxonomy":"category","embeddable":true,"href":"https:\/\/jpacademy.gov.mk\/sq\/wp-json\/wp\/v2\/categories?post=10208"},{"taxonomy":"post_tag","embeddable":true,"href":"https:\/\/jpacademy.gov.mk\/sq\/wp-json\/wp\/v2\/tags?post=10208"}],"curies":[{"name":"wp","href":"https:\/\/api.w.org\/{rel}","templated":true}]}}