{"id":10171,"date":"2026-04-07T10:10:32","date_gmt":"2026-04-07T10:10:32","guid":{"rendered":"https:\/\/jpacademy.gov.mk\/?p=10171"},"modified":"2026-04-20T11:02:57","modified_gmt":"2026-04-20T11:02:57","slug":"%d0%b0%d0%ba%d0%b0%d0%b4%d0%b5%d0%bc%d0%b8%d1%98%d0%b0%d1%82%d0%b0-%d0%b7%d0%b0-%d1%81%d1%83%d0%b4%d0%b8%d0%b8-%d0%b8-%d1%98%d0%b0%d0%b2%d0%bd%d0%b8-%d0%be%d0%b1%d0%b2%d0%b8%d0%bd%d0%b8%d1%82%d0%b5-17","status":"publish","type":"post","link":"https:\/\/jpacademy.gov.mk\/sq\/%d0%b0%d0%ba%d0%b0%d0%b4%d0%b5%d0%bc%d0%b8%d1%98%d0%b0%d1%82%d0%b0-%d0%b7%d0%b0-%d1%81%d1%83%d0%b4%d0%b8%d0%b8-%d0%b8-%d1%98%d0%b0%d0%b2%d0%bd%d0%b8-%d0%be%d0%b1%d0%b2%d0%b8%d0%bd%d0%b8%d1%82%d0%b5-17\/","title":{"rendered":"Akademia p\u00ebr gjykat\u00ebs dhe prokuror\u00eb publik zhvilloi nj\u00eb trajnim me tem\u00eb \u201e Risit\u00eb n\u00eb Kodin Penal n\u00eb lidhje me Safe City \u201c"},"content":{"rendered":"<p><\/p>\n<p style=\"text-align: justify;\">Akademia p\u00ebr gjykat\u00ebs dhe prokuror\u00eb publik\u00eb, m\u00eb 7 prill 2026, n\u00eb ambientet e Akademis\u00eb, realizoi nj\u00eb trajnim t\u00eb dedikuar me tem\u00eb: \u201cRisit\u00eb n\u00eb Kodin Penal n\u00eb lidhje me Safe City\u201d, n\u00eb t\u00eb cilin mor\u00ebn pjes\u00eb gjykat\u00ebs nga departamentet penale dhe t\u00eb kund\u00ebrvajtjeve, si dhe prokuror\u00eb publik\u00eb nga t\u00eb gjitha zonat e apelit.<\/p>\n<p style=\"text-align: justify;\">Trajnimin e realizuan: Prof. Dr. Aleksandra Deanoska Trendafilova, profesoresh\u00eb n\u00eb Fakultetin Juridik \u201cJustiniani i Par\u00eb\u201d n\u00eb Shkup, Vaska Nikollovska Masevska, gjykat\u00ebse n\u00eb Gjykat\u00ebn Themelore Penale n\u00eb Shkup dhe Elena Zhakula, prokurore publike n\u00eb Prokurorin\u00eb Themelore Publike n\u00eb Shkup.<\/p>\n<p style=\"text-align: justify;\">Me q\u00ebllim rritjen e siguris\u00eb n\u00eb fush\u00ebn e trafikut, gjat\u00eb vitit 2025 filloi t\u00eb zbatohet projekti nd\u00ebrinstitucional \u201cSafe City\u201d, i cili u zhvillua n\u00eb disa segmente: ndryshimi i disa ligjeve dhe nj\u00eb numri t\u00eb madh aktesh n\u00ebnligjore, sigurimi i infrastruktur\u00ebs s\u00eb p\u00ebrshtatshme teknike dhe rritja e nd\u00ebrgjegj\u00ebsimit t\u00eb qytetar\u00ebve p\u00ebr k\u00ebt\u00eb \u00e7\u00ebshtje. Me ndryshimet ligjore u b\u00eb nj\u00eb dallim i qart\u00eb nd\u00ebrmjet kund\u00ebrvajtjeve n\u00eb trafik dhe veprave penale n\u00eb trafik, p\u00ebrmes ndryshimeve n\u00eb Ligjin p\u00ebr sigurin\u00eb n\u00eb komunikacionin rrugor, Ligjin p\u00ebr kund\u00ebrvajtjet, Kodin Penal dhe akte t\u00eb tjera.<\/p>\n<p style=\"text-align: justify;\">Sa i p\u00ebrket Kodit Penal, \u00ebsht\u00eb nd\u00ebrhyr\u00eb n\u00eb inkriminimin nga neni 297-a \u2013 drejtimi i pakujdessh\u00ebm (i pamatur) i mjetit motorik; p\u00ebrcaktimi ligjor i d\u00ebnimeve \u00ebsht\u00eb rishikuar pothuajse p\u00ebr t\u00eb gjitha veprat penale n\u00eb trafik, nd\u00ebrsa \u00ebsht\u00eb parapar\u00eb edhe shqiptimi i detyruesh\u00ebm i d\u00ebnimit plot\u00ebsues \u2013 ndalimi i drejtimit t\u00eb mjetit motorik, si dhe konfiskimi i detyruesh\u00ebm dhe fakultativ i mjetit motorik nga kryer\u00ebsit e delikteve n\u00eb trafik, n\u00ebn kushte t\u00eb caktuara ligjore, si nj\u00eb mas\u00eb e ve\u00e7ant\u00eb penalo-juridike.<\/p>\n<p><img decoding=\"async\" class=\"aligncenter wp-image-10173 size-large\" src=\"https:\/\/jpacademy.gov.mk\/wp-content\/uploads\/2026\/04\/20260407_102729-1024x645.jpg\" alt=\"\" width=\"1024\" height=\"645\" srcset=\"https:\/\/jpacademy.gov.mk\/wp-content\/uploads\/2026\/04\/20260407_102729-1024x645.jpg 1024w, https:\/\/jpacademy.gov.mk\/wp-content\/uploads\/2026\/04\/20260407_102729-300x189.jpg 300w, https:\/\/jpacademy.gov.mk\/wp-content\/uploads\/2026\/04\/20260407_102729-768x484.jpg 768w, https:\/\/jpacademy.gov.mk\/wp-content\/uploads\/2026\/04\/20260407_102729-1536x968.jpg 1536w, https:\/\/jpacademy.gov.mk\/wp-content\/uploads\/2026\/04\/20260407_102729-2048x1291.jpg 2048w\" sizes=\"(max-width: 1024px) 100vw, 1024px\" \/><\/p>\n<p style=\"text-align: justify;\">Me vendosjen e \u201cSafe City\u201d, praktikisht filloi edhe nj\u00eb epok\u00eb e re n\u00eb sigurin\u00eb e trafikut. Hapat e par\u00eb dhe kund\u00ebrvajtjet e para q\u00eb i detekton ky sistem kan\u00eb p\u00ebr q\u00ebllim t\u00eb ndikojn\u00eb n\u00eb parandalimin e p\u00ebrgjithsh\u00ebm n\u00eb fush\u00ebn e siguris\u00eb n\u00eb trafik dhe, rrjedhimisht, t\u00eb ndryshojn\u00eb sjelljen e pjes\u00ebmarr\u00ebsve n\u00eb t\u00eb.<\/p>\n<p style=\"text-align: justify;\">Zbatimi i \u201cSafe City\u201d dhe ndryshimet ligjore q\u00eb pasuan p\u00ebrb\u00ebjn\u00eb nj\u00eb hap t\u00eb r\u00ebnd\u00ebsish\u00ebm drejt modernizimit t\u00eb sistemit juridik dhe p\u00ebrmir\u00ebsimit t\u00eb siguris\u00eb n\u00eb Maqedoni. N\u00eb k\u00ebt\u00eb drejtim, dhe sidomos duke pasur parasysh k\u00ebto risi, hapen \u00e7\u00ebshtje t\u00eb r\u00ebnd\u00ebsishme lidhur me incizimet video nga kamerat e siguris\u00eb, vlefshm\u00ebrin\u00eb e tyre juridike dhe p\u00ebrdorimin n\u00eb procedurat penale si prova, verifikimin e autenticitetit t\u00eb tyre, si dhe afatin kohor deri kur mund t\u00eb ruhen n\u00eb sistem.<\/p>\n<p style=\"text-align: justify;\">Roli i prokuroris\u00eb n\u00eb k\u00ebt\u00eb segment \u00ebsht\u00eb i nj\u00eb r\u00ebnd\u00ebsie t\u00eb ve\u00e7ant\u00eb, pasi ekziston mund\u00ebsia e ndjekjes s\u00eb veprave penale t\u00eb zbuluara p\u00ebrmes sistemit \u201cSafe City\u201d, n\u00eb t\u00eb cilat procedura do t\u00eb p\u00ebrdoren t\u00eb dh\u00ebnat dhe incizimet e siguruara. Prandaj, theks i ve\u00e7ant\u00eb duhet t\u2019i vihet edhe bashk\u00ebpunimit nd\u00ebrinstitucional, para s\u00eb gjithash nd\u00ebrmjet prokuroris\u00eb publike, Ministris\u00eb s\u00eb Pun\u00ebve t\u00eb Brendshme dhe gjykatave, me q\u00ebllim sigurimin e mbledhjes, ruajtjes dhe paraqitjes s\u00eb duhur t\u00eb provave t\u00eb marra p\u00ebrmes k\u00ebtyre sistemeve, si dhe p\u00ebrdorimin e tyre t\u00eb rregullt procedural.<\/p>\n<p style=\"text-align: justify;\">Sfidat konkrete n\u00eb zbatimin e zgjidhjeve t\u00eb reja ligjore t\u00eb parashikuara n\u00eb ndryshimet ligjore n\u00eb kuad\u00ebr t\u00eb projektit \u201cQyteti i Sigurt (Safe City)\u201d, me t\u00eb cilat p\u00ebrballen gjykat\u00ebsit q\u00eb veprojn\u00eb n\u00eb \u00e7\u00ebshtje penale dhe kund\u00ebrvajt\u00ebse. N\u00eb k\u00ebt\u00eb drejtim, theks i ve\u00e7ant\u00eb vihet n\u00eb kualifikimin e drejt\u00eb t\u00eb veprave sipas ndryshimeve t\u00eb Kodit Penal, ve\u00e7an\u00ebrisht n\u00eb aspektin e dallimit nd\u00ebrmjet kund\u00ebrvajtjeve n\u00eb komunikacion dhe veprave penale. \u00c7\u00ebshtjet q\u00eb lidhen me shqiptimin e detyruesh\u00ebm t\u00eb mas\u00ebs ndalim p\u00ebr drejtimin e mjetit motorik n\u00eb p\u00ebrputhje me nenin e ri 300-a, kushtet p\u00ebr konfiskimin e mjetit motorik n\u00eb kuptim t\u00eb nenit 300-b, si dhe aspektet procedurale t\u00eb p\u00ebrdorimit t\u00eb materialit provues t\u00eb siguruar p\u00ebrmes sistemit \u201cSafe City\u201d, p\u00ebrfshir\u00eb video-incizimet nga kamerat, vlefshm\u00ebrin\u00eb e tyre juridike dhe m\u00ebnyr\u00ebn e trajtimit t\u00eb tyre gjat\u00eb procedur\u00ebs penale, jan\u00eb me r\u00ebnd\u00ebsi t\u00eb ve\u00e7ant\u00eb. V\u00ebmendje e ve\u00e7ant\u00eb i kushtohet edhe zbatimit intertemporal t\u00eb ndryshimeve n\u00eb raport me veprat e kryera para hyrjes n\u00eb fuqi t\u00eb zgjidhjeve t\u00eb reja ligjore. Zbatimi efikas dhe i q\u00ebndruesh\u00ebm i ndryshimeve ligjore n\u00eb kuad\u00ebr t\u00eb projektit \u201cQyteti i Sigurt (Safe City)\u201d k\u00ebrkon nj\u00eb qasje t\u00eb harmonizuar t\u00eb t\u00eb gjith\u00eb aktor\u00ebve n\u00eb sistemin e drejt\u00ebsis\u00eb \u2014 gjykat\u00ebsve, prokuror\u00ebve publik\u00eb dhe policis\u00eb \u2014 me q\u00ebllim q\u00eb ligji t\u00eb zbatohet n\u00eb dobi t\u00eb siguris\u00eb s\u00eb t\u00eb gjith\u00eb pjes\u00ebmarr\u00ebsve n\u00eb komunikacion.<\/p>\n<p style=\"text-align: justify;\">Pjes\u00ebmarr\u00ebsit n\u00eb trajnim u njoh\u00ebn me k\u00ebto risi, si dhe me implikimet e mundshme q\u00eb pritet t\u00eb ken\u00eb ato n\u00eb praktik\u00ebn gjyq\u00ebsore. P\u00ebrmes diskutimit interaktiv dhe shk\u00ebmbimit t\u00eb p\u00ebrvojave, pjes\u00ebmarr\u00ebsit pat\u00ebn mund\u00ebsi t\u00eb thellojn\u00eb njohurit\u00eb e tyre dhe t\u00eb shqyrtojn\u00eb aspektet praktike t\u00eb zbatimit t\u00eb zgjidhjeve t\u00eb reja ligjore, duke kontribuar k\u00ebshtu n\u00eb nj\u00eb veprim m\u00eb efikas dhe m\u00eb t\u00eb harmonizuar n\u00eb t\u00eb ardhmen.<\/p>\n<p style=\"text-align: justify;\">Ky trajnim u p\u00ebrqendrua n\u00eb nj\u00eb tem\u00eb jasht\u00ebzakonisht aktuale, \u00e7ka \u00ebsht\u00eb d\u00ebshmi se Akademia n\u00eb m\u00ebnyr\u00eb t\u00eb vazhdueshme i ndjek risit\u00eb ligjore dhe i identifikon me koh\u00eb nevojat e gjykat\u00ebsve dhe prokuror\u00ebve publik\u00eb. Nj\u00eb tregues tjet\u00ebr n\u00eb k\u00ebt\u00eb drejtim \u00ebsht\u00eb edhe interesi i madh i pjes\u00ebmarr\u00ebsve, i cili tregon p\u00ebr nevoj\u00ebn e edukimit t\u00eb vazhduesh\u00ebm n\u00eb k\u00ebt\u00eb fush\u00eb. Kjo qasje kontribuon n\u00eb forcimin e kapaciteteve profesionale dhe n\u00eb avancimin e cil\u00ebsis\u00eb s\u00eb sistemit gjyq\u00ebsor.<\/p>\n<p><\/p>","protected":false},"excerpt":{"rendered":"<p>Akademia p\u00ebr gjykat\u00ebs dhe prokuror\u00eb publik\u00eb, m\u00eb 7 prill 2026, n\u00eb ambientet e Akademis\u00eb, realizoi nj\u00eb trajnim t\u00eb dedikuar me&#8230;<\/p>\n","protected":false},"author":2,"featured_media":10172,"comment_status":"closed","ping_status":"open","sticky":false,"template":"","format":"standard","meta":{"footnotes":""},"categories":[165,164,87],"tags":[],"class_list":{"0":"post-10171","1":"post","2":"type-post","3":"status-publish","4":"format-standard","5":"has-post-thumbnail","7":"category-nastani","8":"category-novosti","9":"category-87"},"_links":{"self":[{"href":"https:\/\/jpacademy.gov.mk\/sq\/wp-json\/wp\/v2\/posts\/10171","targetHints":{"allow":["GET"]}}],"collection":[{"href":"https:\/\/jpacademy.gov.mk\/sq\/wp-json\/wp\/v2\/posts"}],"about":[{"href":"https:\/\/jpacademy.gov.mk\/sq\/wp-json\/wp\/v2\/types\/post"}],"author":[{"embeddable":true,"href":"https:\/\/jpacademy.gov.mk\/sq\/wp-json\/wp\/v2\/users\/2"}],"replies":[{"embeddable":true,"href":"https:\/\/jpacademy.gov.mk\/sq\/wp-json\/wp\/v2\/comments?post=10171"}],"version-history":[{"count":2,"href":"https:\/\/jpacademy.gov.mk\/sq\/wp-json\/wp\/v2\/posts\/10171\/revisions"}],"predecessor-version":[{"id":10189,"href":"https:\/\/jpacademy.gov.mk\/sq\/wp-json\/wp\/v2\/posts\/10171\/revisions\/10189"}],"wp:featuredmedia":[{"embeddable":true,"href":"https:\/\/jpacademy.gov.mk\/sq\/wp-json\/wp\/v2\/media\/10172"}],"wp:attachment":[{"href":"https:\/\/jpacademy.gov.mk\/sq\/wp-json\/wp\/v2\/media?parent=10171"}],"wp:term":[{"taxonomy":"category","embeddable":true,"href":"https:\/\/jpacademy.gov.mk\/sq\/wp-json\/wp\/v2\/categories?post=10171"},{"taxonomy":"post_tag","embeddable":true,"href":"https:\/\/jpacademy.gov.mk\/sq\/wp-json\/wp\/v2\/tags?post=10171"}],"curies":[{"name":"wp","href":"https:\/\/api.w.org\/{rel}","templated":true}]}}